{"id":9079,"date":"2026-02-25T16:50:52","date_gmt":"2026-02-25T15:50:52","guid":{"rendered":"https:\/\/www.vakantiehuisnu.nl\/verhuurdersgids\/?p=9079"},"modified":"2026-03-05T09:22:19","modified_gmt":"2026-03-05T08:22:19","slug":"eu-verordening-kortetermijnverhuur","status":"publish","type":"post","link":"https:\/\/www.vakantiehuisnu.nl\/verhuurdersgids\/2026\/02\/25\/eu-verordening-kortetermijnverhuur\/","title":{"rendered":"EU-verordening voor kortetermijnverhuur: wat betekent dit voor jou als verhuurder?"},"content":{"rendered":"\n<p>We krijgen de laatste tijd regelmatig vragen over de nieuwe Europese verordening voor kortetermijnverhuur. Begrijpelijk, want zodra er \u201cnieuwe regels vanuit Europa\u201d worden aangekondigd, ontstaat er al snel onduidelijkheid.<\/p>\n\n\n\n<p>Moet ik straks iets aanpassen? Komt er een verplichte registratie? Wordt verhuren ingewikkelder? In deze blog zetten we rustig op een rij wat er bekend is, en wat dit in de praktijk voor jou betekent.<\/p>\n\n\n\n<figure class=\"wp-block-image size-large\"><img fetchpriority=\"high\" decoding=\"async\" width=\"1024\" height=\"683\" src=\"https:\/\/www.vakantiehuisnu.nl\/verhuurdersgids\/wp-content\/uploads\/sites\/14\/2026\/02\/EU_verordening_kortetermijnverhuur_20262-1024x683.jpg\" alt=\"EU_verordening_kortetermijnverhuur_20262.jpg\" class=\"wp-image-9081\" srcset=\"https:\/\/www.vakantiehuisnu.nl\/verhuurdersgids\/wp-content\/uploads\/sites\/14\/2026\/02\/EU_verordening_kortetermijnverhuur_20262-1024x683.jpg 1024w, https:\/\/www.vakantiehuisnu.nl\/verhuurdersgids\/wp-content\/uploads\/sites\/14\/2026\/02\/EU_verordening_kortetermijnverhuur_20262-300x200.jpg 300w, https:\/\/www.vakantiehuisnu.nl\/verhuurdersgids\/wp-content\/uploads\/sites\/14\/2026\/02\/EU_verordening_kortetermijnverhuur_20262-768x512.jpg 768w, https:\/\/www.vakantiehuisnu.nl\/verhuurdersgids\/wp-content\/uploads\/sites\/14\/2026\/02\/EU_verordening_kortetermijnverhuur_20262-1536x1024.jpg 1536w, https:\/\/www.vakantiehuisnu.nl\/verhuurdersgids\/wp-content\/uploads\/sites\/14\/2026\/02\/EU_verordening_kortetermijnverhuur_20262-2048x1366.jpg 2048w\" sizes=\"(max-width: 1024px) 100vw, 1024px\" \/><\/figure>\n\n\n\n<div style=\"height:20px\" aria-hidden=\"true\" class=\"wp-block-spacer\"><\/div>\n\n\n\n<h2 class=\"wp-block-heading\">Waarom komt deze verordening er?<\/h2>\n\n\n\n<p>De <a href=\"https:\/\/eur-lex.europa.eu\/legal-content\/NL\/TXT\/PDF\/?uri=OJ:L_202401028\">EU verordening kortetermijnverhuur <\/a>is ingevoerd om meer inzicht te krijgen in de markt voor vakantiehuizen en andere accommodaties die tijdelijk aan gasten worden verhuurd. Op dit moment verschillen regels en registratiesystemen sterk per land en per gemeente. Daardoor ontbreekt een duidelijk en uniform overzicht van hoe groot deze markt precies is.<\/p>\n\n\n\n<p>Met deze nieuwe Europese regeling wil de EU zorgen voor meer transparantie en een betere gegevensuitwisseling tussen boekingsplatforms en overheden. Het doel is vooral om betrouwbare cijfers te verzamelen, zodat beleid kan worden gebaseerd op feiten in plaats van schattingen. Het gaat dus om inzicht en structuur, niet om een verbod op vakantieverhuur.<\/p>\n\n\n\n<div style=\"height:20px\" aria-hidden=\"true\" class=\"wp-block-spacer\"><\/div>\n\n\n\n<h2 class=\"wp-block-heading\">Moet je straks verplicht registreren?<\/h2>\n\n\n\n<p>Dit is de belangrijkste vraag voor veel verhuurders. De EU verordening kortetermijnverhuur verplicht niet automatisch alle verhuurders in Europa om zich te registreren. Wat de verordening w\u00e9l mogelijk maakt, is dat gemeenten een officieel registratiesysteem kunnen invoeren.<\/p>\n\n\n\n<p>Alleen wanneer jouw gemeente zo\u2019n systeem invoert, moet je jouw accommodatie registreren en een registratienummer aanvragen. Dat nummer moet je vervolgens vermelden bij je advertenties op boekingsplatforms. Heeft jouw gemeente geen registratiesysteem? Dan verandert er voor jou niets en kun je blijven verhuren zoals je dat nu doet.<\/p>\n\n\n\n<div style=\"height:20px\" aria-hidden=\"true\" class=\"wp-block-spacer\"><\/div>\n\n\n\n<h2 class=\"wp-block-heading\">Wat verandert er voor boekingsplatforms?<\/h2>\n\n\n\n<p>De grootste verantwoordelijkheid binnen de EU verordening kortetermijnverhuur ligt bij de platforms. Zij moeten straks controleren of een registratienummer verplicht is in een bepaalde gemeente. Is dat het geval, dan mogen zij alleen accommodaties publiceren met een geldig nummer.<\/p>\n\n\n\n<figure class=\"wp-block-image size-large\"><img decoding=\"async\" width=\"1024\" height=\"683\" src=\"https:\/\/www.vakantiehuisnu.nl\/verhuurdersgids\/wp-content\/uploads\/sites\/14\/2026\/02\/EU_verordening_kortetermijnverhuur_2026-1024x683.png\" alt=\"De EU verordening kortetermijnverhuur stappenplan\" class=\"wp-image-9080\" srcset=\"https:\/\/www.vakantiehuisnu.nl\/verhuurdersgids\/wp-content\/uploads\/sites\/14\/2026\/02\/EU_verordening_kortetermijnverhuur_2026-1024x683.png 1024w, https:\/\/www.vakantiehuisnu.nl\/verhuurdersgids\/wp-content\/uploads\/sites\/14\/2026\/02\/EU_verordening_kortetermijnverhuur_2026-300x200.png 300w, https:\/\/www.vakantiehuisnu.nl\/verhuurdersgids\/wp-content\/uploads\/sites\/14\/2026\/02\/EU_verordening_kortetermijnverhuur_2026-768x512.png 768w, https:\/\/www.vakantiehuisnu.nl\/verhuurdersgids\/wp-content\/uploads\/sites\/14\/2026\/02\/EU_verordening_kortetermijnverhuur_2026.png 1536w\" sizes=\"(max-width: 1024px) 100vw, 1024px\" \/><\/figure>\n\n\n\n<p>Daarnaast moeten platforms bepaalde boekingsgegevens delen met nationale instanties, zoals het aantal geboekte nachten of het aantal gasten. Deze gegevensuitwisseling verloopt via de platforms zelf en niet rechtstreeks via jou als individuele verhuurder, tenzij lokale regels anders bepalen.<\/p>\n\n\n\n<div style=\"height:20px\" aria-hidden=\"true\" class=\"wp-block-spacer\"><\/div>\n\n\n\n<h2 class=\"wp-block-heading\">Wanneer gaat de EU verordening kortetermijnverhuur in?<\/h2>\n\n\n\n<p>De verordening is aangenomen, maar wordt vanaf <strong>mei 2026<\/strong> volledig van toepassing. Landen en gemeenten hebben dus nog tijd om hun systemen in te richten.<\/p>\n\n\n\n<p>Voor de meeste verhuurders verandert er op korte termijn niets. Pas wanneer een gemeente daadwerkelijk een registratiesysteem invoert, kan er iets concreets wijzigen in jouw situatie.<\/p>\n\n\n\n<div style=\"height:20px\" aria-hidden=\"true\" class=\"wp-block-spacer\"><\/div>\n\n\n\n<h2 class=\"wp-block-heading\">Wat betekent dit concreet voor jou?<\/h2>\n\n\n\n<p>Voor nu vooral: blijf ge\u00efnformeerd, maar er is geen reden tot onrust. Verhuur je in een gemeente zonder registratiesysteem, dan merk je in de praktijk niets van deze Europese regeling. Komt er wel een registratieplicht, dan gaat het om een administratieve stap waarbij je een nummer aanvraagt en dit vermeldt bij je advertentie.<\/p>\n\n\n\n<p>De kern van de EU verordening kortetermijnverhuur is transparantie in de markt. Vakantieverhuur blijft een belangrijke en legitieme vorm van toerisme binnen Europa. Juist door meer duidelijkheid en uniforme regels ontstaat er op de lange termijn een stabielere en professionelere markt, waar serieuze verhuurders baat bij hebben.<\/p>\n\n\n\n<p>Wij volgen de ontwikkelingen rondom de EU verordening kortetermijnverhuur nauwlettend en houden je op de hoogte zodra er concrete veranderingen zijn die invloed hebben op jouw verhuur.<\/p>\n\n\n\n<div style=\"height:10px\" aria-hidden=\"true\" class=\"wp-block-spacer\"><\/div>\n\n\n\n<div class=\"wp-block-buttons is-layout-flex wp-block-buttons-is-layout-flex\">\n<div class=\"wp-block-button has-custom-width wp-block-button__width-100\"><a class=\"wp-block-button__link has-black-color has-luminous-vivid-amber-background-color has-text-color has-background has-link-color wp-element-button\" href=\"https:\/\/www.vakantiehuisnu.nl\/verhuurdersgids\/\">Bekijk alle artikelen in onze verhuurdersgids<\/a><\/div>\n<\/div>\n\n\n\n<div style=\"height:20px\" aria-hidden=\"true\" class=\"wp-block-spacer\"><\/div>\n\n\n\n<h3 class=\"wp-block-heading\">Belangrijk om te weten<\/h3>\n\n\n\n<p>Dit artikel is bedoeld om verhuurders in algemene zin te informeren over de huidige stand van zaken rond de EU verordening kortetermijnverhuur. Aan de inhoud kunnen geen rechten worden ontleend. Regelgeving kan per land en per gemeente verschillen en in de loop van tijd worden aangepast. Controleer bij twijfel altijd de actuele informatie van jouw gemeente of bevoegde instantie.<\/p>\n\n\n\n<p><\/p>\n","protected":false},"excerpt":{"rendered":"<p>We krijgen de laatste tijd regelmatig vragen over de nieuwe Europese verordening voor kortetermijnverhuur. Begrijpelijk, want zodra er \u201cnieuwe regels vanuit Europa\u201d worden aangekondigd, ontstaat er al snel onduidelijkheid. Moet ik straks iets aanpassen? Komt er een verplichte registratie? Wordt verhuren ingewikkelder? In deze blog zetten we rustig op een rij wat er bekend is, [&hellip;]<\/p>\n","protected":false},"author":4,"featured_media":9086,"comment_status":"open","ping_status":"open","sticky":false,"template":"","format":"standard","meta":{"footnotes":""},"categories":[25,19],"tags":[],"class_list":["post-9079","post","type-post","status-publish","format-standard","has-post-thumbnail","hentry","category-recht-en-belastingen","category-verhuurders"],"yoast_head":"<!-- This site is optimized with the Yoast SEO plugin v27.2 - https:\/\/yoast.com\/product\/yoast-seo-wordpress\/ -->\n<title>EU verordening kortetermijnverhuur: wat verandert er in 2026?<\/title>\n<meta name=\"description\" content=\"EU verordening kortetermijnverhuur in 2026: moet je registreren? Lees wat er verandert en wat dit betekent voor verhuurders.\" \/>\n<meta name=\"robots\" content=\"index, follow, max-snippet:-1, max-image-preview:large, max-video-preview:-1\" \/>\n<link rel=\"canonical\" href=\"https:\/\/www.vakantiehuisnu.nl\/verhuurdersgids\/2026\/02\/25\/eu-verordening-kortetermijnverhuur\/\" \/>\n<meta property=\"og:locale\" content=\"de_DE\" \/>\n<meta property=\"og:type\" content=\"article\" \/>\n<meta property=\"og:title\" content=\"EU verordening kortetermijnverhuur: wat verandert er in 2026?\" \/>\n<meta property=\"og:description\" content=\"EU verordening kortetermijnverhuur in 2026: moet je registreren? Lees wat er verandert en wat dit betekent voor verhuurders.\" \/>\n<meta property=\"og:url\" content=\"https:\/\/www.vakantiehuisnu.nl\/verhuurdersgids\/2026\/02\/25\/eu-verordening-kortetermijnverhuur\/\" \/>\n<meta property=\"og:site_name\" content=\"Verhuurdersgids\" \/>\n<meta property=\"article:published_time\" content=\"2026-02-25T15:50:52+00:00\" \/>\n<meta property=\"article:modified_time\" content=\"2026-03-05T08:22:19+00:00\" \/>\n<meta property=\"og:image\" content=\"https:\/\/www.vakantiehuisnu.nl\/verhuurdersgids\/wp-content\/uploads\/sites\/14\/2026\/02\/EU_verorderning-1024x683.png\" \/>\n\t<meta property=\"og:image:width\" content=\"1024\" \/>\n\t<meta property=\"og:image:height\" content=\"683\" \/>\n\t<meta property=\"og:image:type\" content=\"image\/png\" \/>\n<meta name=\"author\" content=\"Merle\" \/>\n<meta name=\"twitter:card\" content=\"summary_large_image\" \/>\n<meta name=\"twitter:label1\" content=\"Verfasst von\" \/>\n\t<meta name=\"twitter:data1\" content=\"Merle\" \/>\n\t<meta name=\"twitter:label2\" content=\"Gesch\u00e4tzte Lesezeit\" \/>\n\t<meta name=\"twitter:data2\" content=\"4\u00a0Minuten\" \/>\n<script type=\"application\/ld+json\" class=\"yoast-schema-graph\">{\"@context\":\"https:\/\/schema.org\",\"@graph\":[{\"@type\":\"Article\",\"@id\":\"https:\/\/www.vakantiehuisnu.nl\/verhuurdersgids\/2026\/02\/25\/eu-verordening-kortetermijnverhuur\/#article\",\"isPartOf\":{\"@id\":\"https:\/\/www.vakantiehuisnu.nl\/verhuurdersgids\/2026\/02\/25\/eu-verordening-kortetermijnverhuur\/\"},\"author\":{\"name\":\"Merle\",\"@id\":\"https:\/\/www.vakantiehuisnu.nl\/verhuurdersgids\/#\/schema\/person\/920e9c0b1baf06da8644ddc6bcac8578\"},\"headline\":\"EU-verordening voor kortetermijnverhuur: wat betekent dit voor jou als verhuurder?\",\"datePublished\":\"2026-02-25T15:50:52+00:00\",\"dateModified\":\"2026-03-05T08:22:19+00:00\",\"mainEntityOfPage\":{\"@id\":\"https:\/\/www.vakantiehuisnu.nl\/verhuurdersgids\/2026\/02\/25\/eu-verordening-kortetermijnverhuur\/\"},\"wordCount\":618,\"commentCount\":0,\"publisher\":{\"@id\":\"https:\/\/www.vakantiehuisnu.nl\/verhuurdersgids\/#organization\"},\"image\":{\"@id\":\"https:\/\/www.vakantiehuisnu.nl\/verhuurdersgids\/2026\/02\/25\/eu-verordening-kortetermijnverhuur\/#primaryimage\"},\"thumbnailUrl\":\"https:\/\/www.vakantiehuisnu.nl\/verhuurdersgids\/wp-content\/uploads\/sites\/14\/2026\/02\/EU_verorderning.png\",\"articleSection\":[\"Recht &amp; belastingen\",\"Verhuurders\"],\"inLanguage\":\"de\",\"potentialAction\":[{\"@type\":\"CommentAction\",\"name\":\"Comment\",\"target\":[\"https:\/\/www.vakantiehuisnu.nl\/verhuurdersgids\/2026\/02\/25\/eu-verordening-kortetermijnverhuur\/#respond\"]}]},{\"@type\":\"WebPage\",\"@id\":\"https:\/\/www.vakantiehuisnu.nl\/verhuurdersgids\/2026\/02\/25\/eu-verordening-kortetermijnverhuur\/\",\"url\":\"https:\/\/www.vakantiehuisnu.nl\/verhuurdersgids\/2026\/02\/25\/eu-verordening-kortetermijnverhuur\/\",\"name\":\"EU verordening kortetermijnverhuur: wat verandert er in 2026?\",\"isPartOf\":{\"@id\":\"https:\/\/www.vakantiehuisnu.nl\/verhuurdersgids\/#website\"},\"primaryImageOfPage\":{\"@id\":\"https:\/\/www.vakantiehuisnu.nl\/verhuurdersgids\/2026\/02\/25\/eu-verordening-kortetermijnverhuur\/#primaryimage\"},\"image\":{\"@id\":\"https:\/\/www.vakantiehuisnu.nl\/verhuurdersgids\/2026\/02\/25\/eu-verordening-kortetermijnverhuur\/#primaryimage\"},\"thumbnailUrl\":\"https:\/\/www.vakantiehuisnu.nl\/verhuurdersgids\/wp-content\/uploads\/sites\/14\/2026\/02\/EU_verorderning.png\",\"datePublished\":\"2026-02-25T15:50:52+00:00\",\"dateModified\":\"2026-03-05T08:22:19+00:00\",\"description\":\"EU verordening kortetermijnverhuur in 2026: moet je registreren? Lees wat er verandert en wat dit betekent voor verhuurders.\",\"breadcrumb\":{\"@id\":\"https:\/\/www.vakantiehuisnu.nl\/verhuurdersgids\/2026\/02\/25\/eu-verordening-kortetermijnverhuur\/#breadcrumb\"},\"inLanguage\":\"de\",\"potentialAction\":[{\"@type\":\"ReadAction\",\"target\":[\"https:\/\/www.vakantiehuisnu.nl\/verhuurdersgids\/2026\/02\/25\/eu-verordening-kortetermijnverhuur\/\"]}]},{\"@type\":\"ImageObject\",\"inLanguage\":\"de\",\"@id\":\"https:\/\/www.vakantiehuisnu.nl\/verhuurdersgids\/2026\/02\/25\/eu-verordening-kortetermijnverhuur\/#primaryimage\",\"url\":\"https:\/\/www.vakantiehuisnu.nl\/verhuurdersgids\/wp-content\/uploads\/sites\/14\/2026\/02\/EU_verorderning.png\",\"contentUrl\":\"https:\/\/www.vakantiehuisnu.nl\/verhuurdersgids\/wp-content\/uploads\/sites\/14\/2026\/02\/EU_verorderning.png\",\"width\":1536,\"height\":1024,\"caption\":\"EU verordening kortetermijnverhuur met huis, checklist en EU-vlag\"},{\"@type\":\"BreadcrumbList\",\"@id\":\"https:\/\/www.vakantiehuisnu.nl\/verhuurdersgids\/2026\/02\/25\/eu-verordening-kortetermijnverhuur\/#breadcrumb\",\"itemListElement\":[{\"@type\":\"ListItem\",\"position\":1,\"name\":\"Startseite\",\"item\":\"https:\/\/www.vakantiehuisnu.nl\/verhuurdersgids\/\"},{\"@type\":\"ListItem\",\"position\":2,\"name\":\"EU-verordening voor kortetermijnverhuur: wat betekent dit voor jou als verhuurder?\"}]},{\"@type\":\"WebSite\",\"@id\":\"https:\/\/www.vakantiehuisnu.nl\/verhuurdersgids\/#website\",\"url\":\"https:\/\/www.vakantiehuisnu.nl\/verhuurdersgids\/\",\"name\":\"Verhuurdersgids\",\"description\":\"Vakkennis voor verhuurders van vakantiehuizen\",\"publisher\":{\"@id\":\"https:\/\/www.vakantiehuisnu.nl\/verhuurdersgids\/#organization\"},\"potentialAction\":[{\"@type\":\"SearchAction\",\"target\":{\"@type\":\"EntryPoint\",\"urlTemplate\":\"https:\/\/www.vakantiehuisnu.nl\/verhuurdersgids\/?s={search_term_string}\"},\"query-input\":{\"@type\":\"PropertyValueSpecification\",\"valueRequired\":true,\"valueName\":\"search_term_string\"}}],\"inLanguage\":\"de\"},{\"@type\":\"Organization\",\"@id\":\"https:\/\/www.vakantiehuisnu.nl\/verhuurdersgids\/#organization\",\"name\":\"Verhuurdersgids\",\"url\":\"https:\/\/www.vakantiehuisnu.nl\/verhuurdersgids\/\",\"logo\":{\"@type\":\"ImageObject\",\"inLanguage\":\"de\",\"@id\":\"https:\/\/www.vakantiehuisnu.nl\/verhuurdersgids\/#\/schema\/logo\/image\/\",\"url\":\"https:\/\/www.vakantiehuisnu.nl\/verhuurdersgids\/wp-content\/uploads\/sites\/14\/2025\/08\/FEM-logo-NL-180x180px.jpg\",\"contentUrl\":\"https:\/\/www.vakantiehuisnu.nl\/verhuurdersgids\/wp-content\/uploads\/sites\/14\/2025\/08\/FEM-logo-NL-180x180px.jpg\",\"width\":180,\"height\":180,\"caption\":\"Verhuurdersgids\"},\"image\":{\"@id\":\"https:\/\/www.vakantiehuisnu.nl\/verhuurdersgids\/#\/schema\/logo\/image\/\"}},{\"@type\":\"Person\",\"@id\":\"https:\/\/www.vakantiehuisnu.nl\/verhuurdersgids\/#\/schema\/person\/920e9c0b1baf06da8644ddc6bcac8578\",\"name\":\"Merle\",\"image\":{\"@type\":\"ImageObject\",\"inLanguage\":\"de\",\"@id\":\"https:\/\/secure.gravatar.com\/avatar\/42265e2b38b414ee1434f469281b70b701ad04fb366043679fb022b8a18c3aa3?s=96&d=mm&r=g\",\"url\":\"https:\/\/secure.gravatar.com\/avatar\/42265e2b38b414ee1434f469281b70b701ad04fb366043679fb022b8a18c3aa3?s=96&d=mm&r=g\",\"contentUrl\":\"https:\/\/secure.gravatar.com\/avatar\/42265e2b38b414ee1434f469281b70b701ad04fb366043679fb022b8a18c3aa3?s=96&d=mm&r=g\",\"caption\":\"Merle\"},\"description\":\"Merle arbeitet bei Ferienhausmiete.de - die Lust zu Reisen ist da schon fast Voraussetzung oder kommt sp\u00e4testens bei der Arbeit, denn schlie\u00dflich ist man hier den ganzen Tag von Urlaubsinspiration umgeben. Wenn sie nicht gerade neue Marketingaktivit\u00e4ten plant, dann findet man sie in ihrem Lesesessel. Am Wochenende und auch im Urlaub schl\u00e4ft sie gerne aus, deswegen ist das Ferienhaus immer eine gute Wahl. Wenn sie ganz dringend Urlaub n\u00f6tig hat, darf es aber auch mal ins Hotel gehen. Sie nimmt sich gerne die Freiheit jedes Mal aufs Neue zu entscheiden, wie ihr perfekter Urlaub aussehen soll, denn das ist doch das Tolle am Reisen: Selber zu entscheiden mit wem, wo und wie man die freiste Zeit des Jahres verbringen m\u00f6chte.\",\"url\":\"https:\/\/www.vakantiehuisnu.nl\/verhuurdersgids\/author\/fhm_merle\/\"}]}<\/script>\n<!-- \/ Yoast SEO plugin. -->","yoast_head_json":{"title":"EU verordening kortetermijnverhuur: wat verandert er in 2026?","description":"EU verordening kortetermijnverhuur in 2026: moet je registreren? Lees wat er verandert en wat dit betekent voor verhuurders.","robots":{"index":"index","follow":"follow","max-snippet":"max-snippet:-1","max-image-preview":"max-image-preview:large","max-video-preview":"max-video-preview:-1"},"canonical":"https:\/\/www.vakantiehuisnu.nl\/verhuurdersgids\/2026\/02\/25\/eu-verordening-kortetermijnverhuur\/","og_locale":"de_DE","og_type":"article","og_title":"EU verordening kortetermijnverhuur: wat verandert er in 2026?","og_description":"EU verordening kortetermijnverhuur in 2026: moet je registreren? Lees wat er verandert en wat dit betekent voor verhuurders.","og_url":"https:\/\/www.vakantiehuisnu.nl\/verhuurdersgids\/2026\/02\/25\/eu-verordening-kortetermijnverhuur\/","og_site_name":"Verhuurdersgids","article_published_time":"2026-02-25T15:50:52+00:00","article_modified_time":"2026-03-05T08:22:19+00:00","og_image":[{"width":1024,"height":683,"url":"https:\/\/www.vakantiehuisnu.nl\/verhuurdersgids\/wp-content\/uploads\/sites\/14\/2026\/02\/EU_verorderning-1024x683.png","type":"image\/png"}],"author":"Merle","twitter_card":"summary_large_image","twitter_misc":{"Verfasst von":"Merle","Gesch\u00e4tzte Lesezeit":"4\u00a0Minuten"},"schema":{"@context":"https:\/\/schema.org","@graph":[{"@type":"Article","@id":"https:\/\/www.vakantiehuisnu.nl\/verhuurdersgids\/2026\/02\/25\/eu-verordening-kortetermijnverhuur\/#article","isPartOf":{"@id":"https:\/\/www.vakantiehuisnu.nl\/verhuurdersgids\/2026\/02\/25\/eu-verordening-kortetermijnverhuur\/"},"author":{"name":"Merle","@id":"https:\/\/www.vakantiehuisnu.nl\/verhuurdersgids\/#\/schema\/person\/920e9c0b1baf06da8644ddc6bcac8578"},"headline":"EU-verordening voor kortetermijnverhuur: wat betekent dit voor jou als verhuurder?","datePublished":"2026-02-25T15:50:52+00:00","dateModified":"2026-03-05T08:22:19+00:00","mainEntityOfPage":{"@id":"https:\/\/www.vakantiehuisnu.nl\/verhuurdersgids\/2026\/02\/25\/eu-verordening-kortetermijnverhuur\/"},"wordCount":618,"commentCount":0,"publisher":{"@id":"https:\/\/www.vakantiehuisnu.nl\/verhuurdersgids\/#organization"},"image":{"@id":"https:\/\/www.vakantiehuisnu.nl\/verhuurdersgids\/2026\/02\/25\/eu-verordening-kortetermijnverhuur\/#primaryimage"},"thumbnailUrl":"https:\/\/www.vakantiehuisnu.nl\/verhuurdersgids\/wp-content\/uploads\/sites\/14\/2026\/02\/EU_verorderning.png","articleSection":["Recht &amp; belastingen","Verhuurders"],"inLanguage":"de","potentialAction":[{"@type":"CommentAction","name":"Comment","target":["https:\/\/www.vakantiehuisnu.nl\/verhuurdersgids\/2026\/02\/25\/eu-verordening-kortetermijnverhuur\/#respond"]}]},{"@type":"WebPage","@id":"https:\/\/www.vakantiehuisnu.nl\/verhuurdersgids\/2026\/02\/25\/eu-verordening-kortetermijnverhuur\/","url":"https:\/\/www.vakantiehuisnu.nl\/verhuurdersgids\/2026\/02\/25\/eu-verordening-kortetermijnverhuur\/","name":"EU verordening kortetermijnverhuur: wat verandert er in 2026?","isPartOf":{"@id":"https:\/\/www.vakantiehuisnu.nl\/verhuurdersgids\/#website"},"primaryImageOfPage":{"@id":"https:\/\/www.vakantiehuisnu.nl\/verhuurdersgids\/2026\/02\/25\/eu-verordening-kortetermijnverhuur\/#primaryimage"},"image":{"@id":"https:\/\/www.vakantiehuisnu.nl\/verhuurdersgids\/2026\/02\/25\/eu-verordening-kortetermijnverhuur\/#primaryimage"},"thumbnailUrl":"https:\/\/www.vakantiehuisnu.nl\/verhuurdersgids\/wp-content\/uploads\/sites\/14\/2026\/02\/EU_verorderning.png","datePublished":"2026-02-25T15:50:52+00:00","dateModified":"2026-03-05T08:22:19+00:00","description":"EU verordening kortetermijnverhuur in 2026: moet je registreren? Lees wat er verandert en wat dit betekent voor verhuurders.","breadcrumb":{"@id":"https:\/\/www.vakantiehuisnu.nl\/verhuurdersgids\/2026\/02\/25\/eu-verordening-kortetermijnverhuur\/#breadcrumb"},"inLanguage":"de","potentialAction":[{"@type":"ReadAction","target":["https:\/\/www.vakantiehuisnu.nl\/verhuurdersgids\/2026\/02\/25\/eu-verordening-kortetermijnverhuur\/"]}]},{"@type":"ImageObject","inLanguage":"de","@id":"https:\/\/www.vakantiehuisnu.nl\/verhuurdersgids\/2026\/02\/25\/eu-verordening-kortetermijnverhuur\/#primaryimage","url":"https:\/\/www.vakantiehuisnu.nl\/verhuurdersgids\/wp-content\/uploads\/sites\/14\/2026\/02\/EU_verorderning.png","contentUrl":"https:\/\/www.vakantiehuisnu.nl\/verhuurdersgids\/wp-content\/uploads\/sites\/14\/2026\/02\/EU_verorderning.png","width":1536,"height":1024,"caption":"EU verordening kortetermijnverhuur met huis, checklist en EU-vlag"},{"@type":"BreadcrumbList","@id":"https:\/\/www.vakantiehuisnu.nl\/verhuurdersgids\/2026\/02\/25\/eu-verordening-kortetermijnverhuur\/#breadcrumb","itemListElement":[{"@type":"ListItem","position":1,"name":"Startseite","item":"https:\/\/www.vakantiehuisnu.nl\/verhuurdersgids\/"},{"@type":"ListItem","position":2,"name":"EU-verordening voor kortetermijnverhuur: wat betekent dit voor jou als verhuurder?"}]},{"@type":"WebSite","@id":"https:\/\/www.vakantiehuisnu.nl\/verhuurdersgids\/#website","url":"https:\/\/www.vakantiehuisnu.nl\/verhuurdersgids\/","name":"Verhuurdersgids","description":"Vakkennis voor verhuurders van vakantiehuizen","publisher":{"@id":"https:\/\/www.vakantiehuisnu.nl\/verhuurdersgids\/#organization"},"potentialAction":[{"@type":"SearchAction","target":{"@type":"EntryPoint","urlTemplate":"https:\/\/www.vakantiehuisnu.nl\/verhuurdersgids\/?s={search_term_string}"},"query-input":{"@type":"PropertyValueSpecification","valueRequired":true,"valueName":"search_term_string"}}],"inLanguage":"de"},{"@type":"Organization","@id":"https:\/\/www.vakantiehuisnu.nl\/verhuurdersgids\/#organization","name":"Verhuurdersgids","url":"https:\/\/www.vakantiehuisnu.nl\/verhuurdersgids\/","logo":{"@type":"ImageObject","inLanguage":"de","@id":"https:\/\/www.vakantiehuisnu.nl\/verhuurdersgids\/#\/schema\/logo\/image\/","url":"https:\/\/www.vakantiehuisnu.nl\/verhuurdersgids\/wp-content\/uploads\/sites\/14\/2025\/08\/FEM-logo-NL-180x180px.jpg","contentUrl":"https:\/\/www.vakantiehuisnu.nl\/verhuurdersgids\/wp-content\/uploads\/sites\/14\/2025\/08\/FEM-logo-NL-180x180px.jpg","width":180,"height":180,"caption":"Verhuurdersgids"},"image":{"@id":"https:\/\/www.vakantiehuisnu.nl\/verhuurdersgids\/#\/schema\/logo\/image\/"}},{"@type":"Person","@id":"https:\/\/www.vakantiehuisnu.nl\/verhuurdersgids\/#\/schema\/person\/920e9c0b1baf06da8644ddc6bcac8578","name":"Merle","image":{"@type":"ImageObject","inLanguage":"de","@id":"https:\/\/secure.gravatar.com\/avatar\/42265e2b38b414ee1434f469281b70b701ad04fb366043679fb022b8a18c3aa3?s=96&d=mm&r=g","url":"https:\/\/secure.gravatar.com\/avatar\/42265e2b38b414ee1434f469281b70b701ad04fb366043679fb022b8a18c3aa3?s=96&d=mm&r=g","contentUrl":"https:\/\/secure.gravatar.com\/avatar\/42265e2b38b414ee1434f469281b70b701ad04fb366043679fb022b8a18c3aa3?s=96&d=mm&r=g","caption":"Merle"},"description":"Merle arbeitet bei Ferienhausmiete.de - die Lust zu Reisen ist da schon fast Voraussetzung oder kommt sp\u00e4testens bei der Arbeit, denn schlie\u00dflich ist man hier den ganzen Tag von Urlaubsinspiration umgeben. Wenn sie nicht gerade neue Marketingaktivit\u00e4ten plant, dann findet man sie in ihrem Lesesessel. Am Wochenende und auch im Urlaub schl\u00e4ft sie gerne aus, deswegen ist das Ferienhaus immer eine gute Wahl. Wenn sie ganz dringend Urlaub n\u00f6tig hat, darf es aber auch mal ins Hotel gehen. Sie nimmt sich gerne die Freiheit jedes Mal aufs Neue zu entscheiden, wie ihr perfekter Urlaub aussehen soll, denn das ist doch das Tolle am Reisen: Selber zu entscheiden mit wem, wo und wie man die freiste Zeit des Jahres verbringen m\u00f6chte.","url":"https:\/\/www.vakantiehuisnu.nl\/verhuurdersgids\/author\/fhm_merle\/"}]}},"_links":{"self":[{"href":"https:\/\/www.vakantiehuisnu.nl\/verhuurdersgids\/wp-json\/wp\/v2\/posts\/9079","targetHints":{"allow":["GET"]}}],"collection":[{"href":"https:\/\/www.vakantiehuisnu.nl\/verhuurdersgids\/wp-json\/wp\/v2\/posts"}],"about":[{"href":"https:\/\/www.vakantiehuisnu.nl\/verhuurdersgids\/wp-json\/wp\/v2\/types\/post"}],"author":[{"embeddable":true,"href":"https:\/\/www.vakantiehuisnu.nl\/verhuurdersgids\/wp-json\/wp\/v2\/users\/4"}],"replies":[{"embeddable":true,"href":"https:\/\/www.vakantiehuisnu.nl\/verhuurdersgids\/wp-json\/wp\/v2\/comments?post=9079"}],"version-history":[{"count":4,"href":"https:\/\/www.vakantiehuisnu.nl\/verhuurdersgids\/wp-json\/wp\/v2\/posts\/9079\/revisions"}],"predecessor-version":[{"id":9093,"href":"https:\/\/www.vakantiehuisnu.nl\/verhuurdersgids\/wp-json\/wp\/v2\/posts\/9079\/revisions\/9093"}],"wp:featuredmedia":[{"embeddable":true,"href":"https:\/\/www.vakantiehuisnu.nl\/verhuurdersgids\/wp-json\/wp\/v2\/media\/9086"}],"wp:attachment":[{"href":"https:\/\/www.vakantiehuisnu.nl\/verhuurdersgids\/wp-json\/wp\/v2\/media?parent=9079"}],"wp:term":[{"taxonomy":"category","embeddable":true,"href":"https:\/\/www.vakantiehuisnu.nl\/verhuurdersgids\/wp-json\/wp\/v2\/categories?post=9079"},{"taxonomy":"post_tag","embeddable":true,"href":"https:\/\/www.vakantiehuisnu.nl\/verhuurdersgids\/wp-json\/wp\/v2\/tags?post=9079"}],"curies":[{"name":"wp","href":"https:\/\/api.w.org\/{rel}","templated":true}]}}